{"id":1351,"date":"2025-04-07T18:59:40","date_gmt":"2025-04-07T16:59:40","guid":{"rendered":"https:\/\/comitedesfeteskermouster.fr\/?p=1351"},"modified":"2025-04-07T19:00:41","modified_gmt":"2025-04-07T17:00:41","slug":"10-ans-comite-des-fetes-kermouster-2025","status":"publish","type":"post","link":"https:\/\/comitedesfeteskermouster.fr\/index.php\/2025\/04\/07\/10-ans-comite-des-fetes-kermouster-2025\/","title":{"rendered":"Les 10 ans du Comit\u00e9 des F\u00eates de Kermouster"},"content":{"rendered":"\n<p>\ud83e\udd73\ud83c\udf82 En 2025, le Comit\u00e9 des F\u00eates de Kermouster f\u00eate ses 10 ans !<\/p>\n\n\n\n<p>Pour marquer le coup, les b\u00e9n\u00e9voles vous invitent \u00e0 c\u00e9l\u00e9brer cet anniversaire le samedi 3 mai \u00e0 la salle municipale de Plougasnou, lors d\u2019une soir\u00e9e festive et musicale : \u00ab&nbsp;La fi\u00e8vre du samedi soir !&nbsp;\u00bb<\/p>\n\n\n\n<p>Au programme :<br>\u2013 Karaok\u00e9 \u00e0 partir de 18h30 \ud83c\udf99\ufe0f<br>\u2013 Soir\u00e9e dansante de 21h \u00e0 1h \ud83d\udd7a<br>Le tout anim\u00e9 par DJ Concept animation BZH et bien s\u00fbr la joyeuse \u00e9quipe du Comit\u00e9 des F\u00eates !<\/p>\n\n\n\n<p>Buvette et petite restauration sur place (pizza, tarte veggie, croque-monsieur, planche de charcuterie, g\u00e2teaux)<\/p>\n\n\n\n<p>Entr\u00e9e : participation libre<br>Et si vous \u00eates motiv\u00e9(e)s, on vous propose de suivre le dresscode de la soir\u00e9e : \ud83e\udea9 DISCO !<\/p>\n\n\n\n<figure class=\"wp-block-image size-large\"><img data-recalc-dims=\"1\" fetchpriority=\"high\" decoding=\"async\" width=\"660\" height=\"933\" src=\"https:\/\/i0.wp.com\/comitedesfeteskermouster.fr\/wp-content\/uploads\/2025\/04\/affiche-soiree-10-ans-CFK-3mai2025.jpg?resize=660%2C933&#038;ssl=1\" alt=\"\" class=\"wp-image-1347\" srcset=\"https:\/\/i0.wp.com\/comitedesfeteskermouster.fr\/wp-content\/uploads\/2025\/04\/affiche-soiree-10-ans-CFK-3mai2025.jpg?resize=724%2C1024&amp;ssl=1 724w, https:\/\/i0.wp.com\/comitedesfeteskermouster.fr\/wp-content\/uploads\/2025\/04\/affiche-soiree-10-ans-CFK-3mai2025.jpg?resize=212%2C300&amp;ssl=1 212w, https:\/\/i0.wp.com\/comitedesfeteskermouster.fr\/wp-content\/uploads\/2025\/04\/affiche-soiree-10-ans-CFK-3mai2025.jpg?resize=768%2C1086&amp;ssl=1 768w, https:\/\/i0.wp.com\/comitedesfeteskermouster.fr\/wp-content\/uploads\/2025\/04\/affiche-soiree-10-ans-CFK-3mai2025.jpg?resize=1086%2C1536&amp;ssl=1 1086w, https:\/\/i0.wp.com\/comitedesfeteskermouster.fr\/wp-content\/uploads\/2025\/04\/affiche-soiree-10-ans-CFK-3mai2025.jpg?resize=1320%2C1867&amp;ssl=1 1320w, https:\/\/i0.wp.com\/comitedesfeteskermouster.fr\/wp-content\/uploads\/2025\/04\/affiche-soiree-10-ans-CFK-3mai2025.jpg?w=1414&amp;ssl=1 1414w\" sizes=\"(max-width: 660px) 100vw, 660px\" \/><\/figure>\n","protected":false},"excerpt":{"rendered":"<p>\ud83e\udd73\ud83c\udf82 En 2025, le Comit\u00e9 des F\u00eates de Kermouster f\u00eate ses 10 ans ! Pour marquer le coup, les b\u00e9n\u00e9voles vous invitent \u00e0 c\u00e9l\u00e9brer cet anniversaire le samedi 3 mai &hellip; <a href=\"https:\/\/comitedesfeteskermouster.fr\/index.php\/2025\/04\/07\/10-ans-comite-des-fetes-kermouster-2025\/\" class=\"more-link\">Voulez-vous en savoir plus ? <span class=\"screen-reader-text\">Les 10 ans du Comit\u00e9 des F\u00eates de Kermouster<\/span><\/a><\/p>\n","protected":false},"author":3,"featured_media":1352,"comment_status":"open","ping_status":"open","sticky":true,"template":"","format":"standard","meta":{"_jetpack_memberships_contains_paid_content":false,"footnotes":"","jetpack_publicize_message":"","jetpack_publicize_feature_enabled":true,"jetpack_social_post_already_shared":true,"jetpack_social_options":{"image_generator_settings":{"template":"highway","default_image_id":0,"font":"","enabled":false},"version":2}},"categories":[19],"tags":[],"class_list":["post-1351","post","type-post","status-publish","format-standard","has-post-thumbnail","hentry","category-anniversaire"],"yoast_head":"<!-- This site is optimized with the Yoast SEO plugin v27.5 - https:\/\/yoast.com\/product\/yoast-seo-wordpress\/ -->\n<title>Les 10 ans du Comit\u00e9 des F\u00eates de Kermouster - Comit\u00e9 des F\u00eates de Kermouster<\/title>\n<meta name=\"description\" content=\"Pour f\u00eater notre anniversaire, c&#039;est la fi\u00e8vre du samedi soir !\u00a0RDV le 3 mai \u00e0 la salle municipale de Plougasnou pour une soir\u00e9e festive avec DJ\" \/>\n<meta name=\"robots\" content=\"index, follow, max-snippet:-1, max-image-preview:large, max-video-preview:-1\" \/>\n<link rel=\"canonical\" href=\"https:\/\/comitedesfeteskermouster.fr\/index.php\/2025\/04\/07\/10-ans-comite-des-fetes-kermouster-2025\/\" \/>\n<meta property=\"og:locale\" content=\"fr_FR\" \/>\n<meta property=\"og:type\" content=\"article\" \/>\n<meta property=\"og:title\" content=\"Les 10 ans du Comit\u00e9 des F\u00eates de Kermouster - Comit\u00e9 des F\u00eates de Kermouster\" \/>\n<meta property=\"og:description\" content=\"Pour f\u00eater notre anniversaire, c&#039;est la fi\u00e8vre du samedi soir !\u00a0RDV le 3 mai \u00e0 la salle municipale de Plougasnou pour une soir\u00e9e festive avec DJ\" \/>\n<meta property=\"og:url\" content=\"https:\/\/comitedesfeteskermouster.fr\/index.php\/2025\/04\/07\/10-ans-comite-des-fetes-kermouster-2025\/\" \/>\n<meta property=\"og:site_name\" content=\"Comit\u00e9 des F\u00eates de Kermouster\" \/>\n<meta property=\"article:publisher\" content=\"https:\/\/www.facebook.com\/comitedesfeteskermouster\" \/>\n<meta property=\"article:published_time\" content=\"2025-04-07T16:59:40+00:00\" \/>\n<meta property=\"article:modified_time\" content=\"2025-04-07T17:00:41+00:00\" \/>\n<meta property=\"og:image\" content=\"https:\/\/comitedesfeteskermouster.fr\/wp-content\/uploads\/2025\/04\/les-10-ans-du-CFK-2025.png\" \/>\n\t<meta property=\"og:image:width\" content=\"1152\" \/>\n\t<meta property=\"og:image:height\" content=\"462\" \/>\n\t<meta property=\"og:image:type\" content=\"image\/png\" \/>\n<meta name=\"author\" content=\"Kathleen Trocm\u00e9\" \/>\n<meta name=\"twitter:card\" content=\"summary_large_image\" \/>\n<meta name=\"twitter:label1\" content=\"\u00c9crit par\" \/>\n\t<meta name=\"twitter:data1\" content=\"Kathleen Trocm\u00e9\" \/>\n\t<meta name=\"twitter:label2\" content=\"Dur\u00e9e de lecture estim\u00e9e\" \/>\n\t<meta name=\"twitter:data2\" content=\"1 minute\" \/>\n<script type=\"application\/ld+json\" class=\"yoast-schema-graph\">{\"@context\":\"https:\\\/\\\/schema.org\",\"@graph\":[{\"@type\":\"Article\",\"@id\":\"https:\\\/\\\/comitedesfeteskermouster.fr\\\/index.php\\\/2025\\\/04\\\/07\\\/10-ans-comite-des-fetes-kermouster-2025\\\/#article\",\"isPartOf\":{\"@id\":\"https:\\\/\\\/comitedesfeteskermouster.fr\\\/index.php\\\/2025\\\/04\\\/07\\\/10-ans-comite-des-fetes-kermouster-2025\\\/\"},\"author\":{\"name\":\"Kathleen Trocm\u00e9\",\"@id\":\"https:\\\/\\\/comitedesfeteskermouster.fr\\\/#\\\/schema\\\/person\\\/b3a481c61ad30dbb44f5d06aac788797\"},\"headline\":\"Les 10 ans du Comit\u00e9 des F\u00eates de Kermouster\",\"datePublished\":\"2025-04-07T16:59:40+00:00\",\"dateModified\":\"2025-04-07T17:00:41+00:00\",\"mainEntityOfPage\":{\"@id\":\"https:\\\/\\\/comitedesfeteskermouster.fr\\\/index.php\\\/2025\\\/04\\\/07\\\/10-ans-comite-des-fetes-kermouster-2025\\\/\"},\"wordCount\":129,\"commentCount\":0,\"publisher\":{\"@id\":\"https:\\\/\\\/comitedesfeteskermouster.fr\\\/#organization\"},\"image\":{\"@id\":\"https:\\\/\\\/comitedesfeteskermouster.fr\\\/index.php\\\/2025\\\/04\\\/07\\\/10-ans-comite-des-fetes-kermouster-2025\\\/#primaryimage\"},\"thumbnailUrl\":\"https:\\\/\\\/i0.wp.com\\\/comitedesfeteskermouster.fr\\\/wp-content\\\/uploads\\\/2025\\\/04\\\/les-10-ans-du-CFK-2025.png?fit=1152%2C462&ssl=1\",\"articleSection\":[\"Anniversaire\"],\"inLanguage\":\"fr-FR\",\"potentialAction\":[{\"@type\":\"CommentAction\",\"name\":\"Comment\",\"target\":[\"https:\\\/\\\/comitedesfeteskermouster.fr\\\/index.php\\\/2025\\\/04\\\/07\\\/10-ans-comite-des-fetes-kermouster-2025\\\/#respond\"]}]},{\"@type\":\"WebPage\",\"@id\":\"https:\\\/\\\/comitedesfeteskermouster.fr\\\/index.php\\\/2025\\\/04\\\/07\\\/10-ans-comite-des-fetes-kermouster-2025\\\/\",\"url\":\"https:\\\/\\\/comitedesfeteskermouster.fr\\\/index.php\\\/2025\\\/04\\\/07\\\/10-ans-comite-des-fetes-kermouster-2025\\\/\",\"name\":\"Les 10 ans du Comit\u00e9 des F\u00eates de Kermouster - Comit\u00e9 des F\u00eates de Kermouster\",\"isPartOf\":{\"@id\":\"https:\\\/\\\/comitedesfeteskermouster.fr\\\/#website\"},\"primaryImageOfPage\":{\"@id\":\"https:\\\/\\\/comitedesfeteskermouster.fr\\\/index.php\\\/2025\\\/04\\\/07\\\/10-ans-comite-des-fetes-kermouster-2025\\\/#primaryimage\"},\"image\":{\"@id\":\"https:\\\/\\\/comitedesfeteskermouster.fr\\\/index.php\\\/2025\\\/04\\\/07\\\/10-ans-comite-des-fetes-kermouster-2025\\\/#primaryimage\"},\"thumbnailUrl\":\"https:\\\/\\\/i0.wp.com\\\/comitedesfeteskermouster.fr\\\/wp-content\\\/uploads\\\/2025\\\/04\\\/les-10-ans-du-CFK-2025.png?fit=1152%2C462&ssl=1\",\"datePublished\":\"2025-04-07T16:59:40+00:00\",\"dateModified\":\"2025-04-07T17:00:41+00:00\",\"description\":\"Pour f\u00eater notre anniversaire, c'est la fi\u00e8vre du samedi soir !\u00a0RDV le 3 mai \u00e0 la salle municipale de Plougasnou pour une soir\u00e9e festive avec DJ\",\"breadcrumb\":{\"@id\":\"https:\\\/\\\/comitedesfeteskermouster.fr\\\/index.php\\\/2025\\\/04\\\/07\\\/10-ans-comite-des-fetes-kermouster-2025\\\/#breadcrumb\"},\"inLanguage\":\"fr-FR\",\"potentialAction\":[{\"@type\":\"ReadAction\",\"target\":[\"https:\\\/\\\/comitedesfeteskermouster.fr\\\/index.php\\\/2025\\\/04\\\/07\\\/10-ans-comite-des-fetes-kermouster-2025\\\/\"]}]},{\"@type\":\"ImageObject\",\"inLanguage\":\"fr-FR\",\"@id\":\"https:\\\/\\\/comitedesfeteskermouster.fr\\\/index.php\\\/2025\\\/04\\\/07\\\/10-ans-comite-des-fetes-kermouster-2025\\\/#primaryimage\",\"url\":\"https:\\\/\\\/i0.wp.com\\\/comitedesfeteskermouster.fr\\\/wp-content\\\/uploads\\\/2025\\\/04\\\/les-10-ans-du-CFK-2025.png?fit=1152%2C462&ssl=1\",\"contentUrl\":\"https:\\\/\\\/i0.wp.com\\\/comitedesfeteskermouster.fr\\\/wp-content\\\/uploads\\\/2025\\\/04\\\/les-10-ans-du-CFK-2025.png?fit=1152%2C462&ssl=1\",\"width\":1152,\"height\":462},{\"@type\":\"BreadcrumbList\",\"@id\":\"https:\\\/\\\/comitedesfeteskermouster.fr\\\/index.php\\\/2025\\\/04\\\/07\\\/10-ans-comite-des-fetes-kermouster-2025\\\/#breadcrumb\",\"itemListElement\":[{\"@type\":\"ListItem\",\"position\":1,\"name\":\"Accueil - Comit\u00e9 des F\u00eates de Kermouster\",\"item\":\"https:\\\/\\\/comitedesfeteskermouster.fr\\\/\"},{\"@type\":\"ListItem\",\"position\":2,\"name\":\"Les 10 ans du Comit\u00e9 des F\u00eates de Kermouster\"}]},{\"@type\":\"WebSite\",\"@id\":\"https:\\\/\\\/comitedesfeteskermouster.fr\\\/#website\",\"url\":\"https:\\\/\\\/comitedesfeteskermouster.fr\\\/\",\"name\":\"Comit\u00e9 des F\u00eates de Kermouster\",\"description\":\"\",\"publisher\":{\"@id\":\"https:\\\/\\\/comitedesfeteskermouster.fr\\\/#organization\"},\"potentialAction\":[{\"@type\":\"SearchAction\",\"target\":{\"@type\":\"EntryPoint\",\"urlTemplate\":\"https:\\\/\\\/comitedesfeteskermouster.fr\\\/?s={search_term_string}\"},\"query-input\":{\"@type\":\"PropertyValueSpecification\",\"valueRequired\":true,\"valueName\":\"search_term_string\"}}],\"inLanguage\":\"fr-FR\"},{\"@type\":\"Organization\",\"@id\":\"https:\\\/\\\/comitedesfeteskermouster.fr\\\/#organization\",\"name\":\"Comit\u00e9 des f\u00eates de Kermouster\",\"url\":\"https:\\\/\\\/comitedesfeteskermouster.fr\\\/\",\"logo\":{\"@type\":\"ImageObject\",\"inLanguage\":\"fr-FR\",\"@id\":\"https:\\\/\\\/comitedesfeteskermouster.fr\\\/#\\\/schema\\\/logo\\\/image\\\/\",\"url\":\"https:\\\/\\\/i0.wp.com\\\/comitedesfeteskermouster.fr\\\/wp-content\\\/uploads\\\/2021\\\/12\\\/cropped-cropped-logo.png?fit=480%2C214&ssl=1\",\"contentUrl\":\"https:\\\/\\\/i0.wp.com\\\/comitedesfeteskermouster.fr\\\/wp-content\\\/uploads\\\/2021\\\/12\\\/cropped-cropped-logo.png?fit=480%2C214&ssl=1\",\"width\":480,\"height\":214,\"caption\":\"Comit\u00e9 des f\u00eates de Kermouster\"},\"image\":{\"@id\":\"https:\\\/\\\/comitedesfeteskermouster.fr\\\/#\\\/schema\\\/logo\\\/image\\\/\"},\"sameAs\":[\"https:\\\/\\\/www.facebook.com\\\/comitedesfeteskermouster\"]},{\"@type\":\"Person\",\"@id\":\"https:\\\/\\\/comitedesfeteskermouster.fr\\\/#\\\/schema\\\/person\\\/b3a481c61ad30dbb44f5d06aac788797\",\"name\":\"Kathleen Trocm\u00e9\",\"image\":{\"@type\":\"ImageObject\",\"inLanguage\":\"fr-FR\",\"@id\":\"https:\\\/\\\/secure.gravatar.com\\\/avatar\\\/c49ac2de8d9ce39f5c56a684d937bc5f77c7b5750c2f4368d851cd46eddfcc20?s=96&d=blank&r=g\",\"url\":\"https:\\\/\\\/secure.gravatar.com\\\/avatar\\\/c49ac2de8d9ce39f5c56a684d937bc5f77c7b5750c2f4368d851cd46eddfcc20?s=96&d=blank&r=g\",\"contentUrl\":\"https:\\\/\\\/secure.gravatar.com\\\/avatar\\\/c49ac2de8d9ce39f5c56a684d937bc5f77c7b5750c2f4368d851cd46eddfcc20?s=96&d=blank&r=g\",\"caption\":\"Kathleen Trocm\u00e9\"},\"sameAs\":[\"http:\\\/\\\/kathleen\"],\"url\":\"https:\\\/\\\/comitedesfeteskermouster.fr\\\/index.php\\\/author\\\/kathleen\\\/\"}]}<\/script>\n<!-- \/ Yoast SEO plugin. -->","yoast_head_json":{"title":"Les 10 ans du Comit\u00e9 des F\u00eates de Kermouster - Comit\u00e9 des F\u00eates de Kermouster","description":"Pour f\u00eater notre anniversaire, c'est la fi\u00e8vre du samedi soir !\u00a0RDV le 3 mai \u00e0 la salle municipale de Plougasnou pour une soir\u00e9e festive avec DJ","robots":{"index":"index","follow":"follow","max-snippet":"max-snippet:-1","max-image-preview":"max-image-preview:large","max-video-preview":"max-video-preview:-1"},"canonical":"https:\/\/comitedesfeteskermouster.fr\/index.php\/2025\/04\/07\/10-ans-comite-des-fetes-kermouster-2025\/","og_locale":"fr_FR","og_type":"article","og_title":"Les 10 ans du Comit\u00e9 des F\u00eates de Kermouster - Comit\u00e9 des F\u00eates de Kermouster","og_description":"Pour f\u00eater notre anniversaire, c'est la fi\u00e8vre du samedi soir !\u00a0RDV le 3 mai \u00e0 la salle municipale de Plougasnou pour une soir\u00e9e festive avec DJ","og_url":"https:\/\/comitedesfeteskermouster.fr\/index.php\/2025\/04\/07\/10-ans-comite-des-fetes-kermouster-2025\/","og_site_name":"Comit\u00e9 des F\u00eates de Kermouster","article_publisher":"https:\/\/www.facebook.com\/comitedesfeteskermouster","article_published_time":"2025-04-07T16:59:40+00:00","article_modified_time":"2025-04-07T17:00:41+00:00","og_image":[{"width":1152,"height":462,"url":"https:\/\/comitedesfeteskermouster.fr\/wp-content\/uploads\/2025\/04\/les-10-ans-du-CFK-2025.png","type":"image\/png"}],"author":"Kathleen Trocm\u00e9","twitter_card":"summary_large_image","twitter_misc":{"\u00c9crit par":"Kathleen Trocm\u00e9","Dur\u00e9e de lecture estim\u00e9e":"1 minute"},"schema":{"@context":"https:\/\/schema.org","@graph":[{"@type":"Article","@id":"https:\/\/comitedesfeteskermouster.fr\/index.php\/2025\/04\/07\/10-ans-comite-des-fetes-kermouster-2025\/#article","isPartOf":{"@id":"https:\/\/comitedesfeteskermouster.fr\/index.php\/2025\/04\/07\/10-ans-comite-des-fetes-kermouster-2025\/"},"author":{"name":"Kathleen Trocm\u00e9","@id":"https:\/\/comitedesfeteskermouster.fr\/#\/schema\/person\/b3a481c61ad30dbb44f5d06aac788797"},"headline":"Les 10 ans du Comit\u00e9 des F\u00eates de Kermouster","datePublished":"2025-04-07T16:59:40+00:00","dateModified":"2025-04-07T17:00:41+00:00","mainEntityOfPage":{"@id":"https:\/\/comitedesfeteskermouster.fr\/index.php\/2025\/04\/07\/10-ans-comite-des-fetes-kermouster-2025\/"},"wordCount":129,"commentCount":0,"publisher":{"@id":"https:\/\/comitedesfeteskermouster.fr\/#organization"},"image":{"@id":"https:\/\/comitedesfeteskermouster.fr\/index.php\/2025\/04\/07\/10-ans-comite-des-fetes-kermouster-2025\/#primaryimage"},"thumbnailUrl":"https:\/\/i0.wp.com\/comitedesfeteskermouster.fr\/wp-content\/uploads\/2025\/04\/les-10-ans-du-CFK-2025.png?fit=1152%2C462&ssl=1","articleSection":["Anniversaire"],"inLanguage":"fr-FR","potentialAction":[{"@type":"CommentAction","name":"Comment","target":["https:\/\/comitedesfeteskermouster.fr\/index.php\/2025\/04\/07\/10-ans-comite-des-fetes-kermouster-2025\/#respond"]}]},{"@type":"WebPage","@id":"https:\/\/comitedesfeteskermouster.fr\/index.php\/2025\/04\/07\/10-ans-comite-des-fetes-kermouster-2025\/","url":"https:\/\/comitedesfeteskermouster.fr\/index.php\/2025\/04\/07\/10-ans-comite-des-fetes-kermouster-2025\/","name":"Les 10 ans du Comit\u00e9 des F\u00eates de Kermouster - Comit\u00e9 des F\u00eates de Kermouster","isPartOf":{"@id":"https:\/\/comitedesfeteskermouster.fr\/#website"},"primaryImageOfPage":{"@id":"https:\/\/comitedesfeteskermouster.fr\/index.php\/2025\/04\/07\/10-ans-comite-des-fetes-kermouster-2025\/#primaryimage"},"image":{"@id":"https:\/\/comitedesfeteskermouster.fr\/index.php\/2025\/04\/07\/10-ans-comite-des-fetes-kermouster-2025\/#primaryimage"},"thumbnailUrl":"https:\/\/i0.wp.com\/comitedesfeteskermouster.fr\/wp-content\/uploads\/2025\/04\/les-10-ans-du-CFK-2025.png?fit=1152%2C462&ssl=1","datePublished":"2025-04-07T16:59:40+00:00","dateModified":"2025-04-07T17:00:41+00:00","description":"Pour f\u00eater notre anniversaire, c'est la fi\u00e8vre du samedi soir !\u00a0RDV le 3 mai \u00e0 la salle municipale de Plougasnou pour une soir\u00e9e festive avec DJ","breadcrumb":{"@id":"https:\/\/comitedesfeteskermouster.fr\/index.php\/2025\/04\/07\/10-ans-comite-des-fetes-kermouster-2025\/#breadcrumb"},"inLanguage":"fr-FR","potentialAction":[{"@type":"ReadAction","target":["https:\/\/comitedesfeteskermouster.fr\/index.php\/2025\/04\/07\/10-ans-comite-des-fetes-kermouster-2025\/"]}]},{"@type":"ImageObject","inLanguage":"fr-FR","@id":"https:\/\/comitedesfeteskermouster.fr\/index.php\/2025\/04\/07\/10-ans-comite-des-fetes-kermouster-2025\/#primaryimage","url":"https:\/\/i0.wp.com\/comitedesfeteskermouster.fr\/wp-content\/uploads\/2025\/04\/les-10-ans-du-CFK-2025.png?fit=1152%2C462&ssl=1","contentUrl":"https:\/\/i0.wp.com\/comitedesfeteskermouster.fr\/wp-content\/uploads\/2025\/04\/les-10-ans-du-CFK-2025.png?fit=1152%2C462&ssl=1","width":1152,"height":462},{"@type":"BreadcrumbList","@id":"https:\/\/comitedesfeteskermouster.fr\/index.php\/2025\/04\/07\/10-ans-comite-des-fetes-kermouster-2025\/#breadcrumb","itemListElement":[{"@type":"ListItem","position":1,"name":"Accueil - Comit\u00e9 des F\u00eates de Kermouster","item":"https:\/\/comitedesfeteskermouster.fr\/"},{"@type":"ListItem","position":2,"name":"Les 10 ans du Comit\u00e9 des F\u00eates de Kermouster"}]},{"@type":"WebSite","@id":"https:\/\/comitedesfeteskermouster.fr\/#website","url":"https:\/\/comitedesfeteskermouster.fr\/","name":"Comit\u00e9 des F\u00eates de Kermouster","description":"","publisher":{"@id":"https:\/\/comitedesfeteskermouster.fr\/#organization"},"potentialAction":[{"@type":"SearchAction","target":{"@type":"EntryPoint","urlTemplate":"https:\/\/comitedesfeteskermouster.fr\/?s={search_term_string}"},"query-input":{"@type":"PropertyValueSpecification","valueRequired":true,"valueName":"search_term_string"}}],"inLanguage":"fr-FR"},{"@type":"Organization","@id":"https:\/\/comitedesfeteskermouster.fr\/#organization","name":"Comit\u00e9 des f\u00eates de Kermouster","url":"https:\/\/comitedesfeteskermouster.fr\/","logo":{"@type":"ImageObject","inLanguage":"fr-FR","@id":"https:\/\/comitedesfeteskermouster.fr\/#\/schema\/logo\/image\/","url":"https:\/\/i0.wp.com\/comitedesfeteskermouster.fr\/wp-content\/uploads\/2021\/12\/cropped-cropped-logo.png?fit=480%2C214&ssl=1","contentUrl":"https:\/\/i0.wp.com\/comitedesfeteskermouster.fr\/wp-content\/uploads\/2021\/12\/cropped-cropped-logo.png?fit=480%2C214&ssl=1","width":480,"height":214,"caption":"Comit\u00e9 des f\u00eates de Kermouster"},"image":{"@id":"https:\/\/comitedesfeteskermouster.fr\/#\/schema\/logo\/image\/"},"sameAs":["https:\/\/www.facebook.com\/comitedesfeteskermouster"]},{"@type":"Person","@id":"https:\/\/comitedesfeteskermouster.fr\/#\/schema\/person\/b3a481c61ad30dbb44f5d06aac788797","name":"Kathleen Trocm\u00e9","image":{"@type":"ImageObject","inLanguage":"fr-FR","@id":"https:\/\/secure.gravatar.com\/avatar\/c49ac2de8d9ce39f5c56a684d937bc5f77c7b5750c2f4368d851cd46eddfcc20?s=96&d=blank&r=g","url":"https:\/\/secure.gravatar.com\/avatar\/c49ac2de8d9ce39f5c56a684d937bc5f77c7b5750c2f4368d851cd46eddfcc20?s=96&d=blank&r=g","contentUrl":"https:\/\/secure.gravatar.com\/avatar\/c49ac2de8d9ce39f5c56a684d937bc5f77c7b5750c2f4368d851cd46eddfcc20?s=96&d=blank&r=g","caption":"Kathleen Trocm\u00e9"},"sameAs":["http:\/\/kathleen"],"url":"https:\/\/comitedesfeteskermouster.fr\/index.php\/author\/kathleen\/"}]}},"jetpack_publicize_connections":[],"jetpack_featured_media_url":"https:\/\/i0.wp.com\/comitedesfeteskermouster.fr\/wp-content\/uploads\/2025\/04\/les-10-ans-du-CFK-2025.png?fit=1152%2C462&ssl=1","jetpack_sharing_enabled":true,"jetpack_likes_enabled":true,"_links":{"self":[{"href":"https:\/\/comitedesfeteskermouster.fr\/index.php\/wp-json\/wp\/v2\/posts\/1351","targetHints":{"allow":["GET"]}}],"collection":[{"href":"https:\/\/comitedesfeteskermouster.fr\/index.php\/wp-json\/wp\/v2\/posts"}],"about":[{"href":"https:\/\/comitedesfeteskermouster.fr\/index.php\/wp-json\/wp\/v2\/types\/post"}],"author":[{"embeddable":true,"href":"https:\/\/comitedesfeteskermouster.fr\/index.php\/wp-json\/wp\/v2\/users\/3"}],"replies":[{"embeddable":true,"href":"https:\/\/comitedesfeteskermouster.fr\/index.php\/wp-json\/wp\/v2\/comments?post=1351"}],"version-history":[{"count":1,"href":"https:\/\/comitedesfeteskermouster.fr\/index.php\/wp-json\/wp\/v2\/posts\/1351\/revisions"}],"predecessor-version":[{"id":1353,"href":"https:\/\/comitedesfeteskermouster.fr\/index.php\/wp-json\/wp\/v2\/posts\/1351\/revisions\/1353"}],"wp:featuredmedia":[{"embeddable":true,"href":"https:\/\/comitedesfeteskermouster.fr\/index.php\/wp-json\/wp\/v2\/media\/1352"}],"wp:attachment":[{"href":"https:\/\/comitedesfeteskermouster.fr\/index.php\/wp-json\/wp\/v2\/media?parent=1351"}],"wp:term":[{"taxonomy":"category","embeddable":true,"href":"https:\/\/comitedesfeteskermouster.fr\/index.php\/wp-json\/wp\/v2\/categories?post=1351"},{"taxonomy":"post_tag","embeddable":true,"href":"https:\/\/comitedesfeteskermouster.fr\/index.php\/wp-json\/wp\/v2\/tags?post=1351"}],"curies":[{"name":"wp","href":"https:\/\/api.w.org\/{rel}","templated":true}]}}