{"id":1360,"date":"2025-06-11T19:02:23","date_gmt":"2025-06-11T17:02:23","guid":{"rendered":"https:\/\/comitedesfeteskermouster.fr\/?p=1360"},"modified":"2025-06-23T15:49:11","modified_gmt":"2025-06-23T13:49:11","slug":"vide-grenier-2025","status":"publish","type":"post","link":"https:\/\/comitedesfeteskermouster.fr\/index.php\/2025\/06\/11\/vide-grenier-2025\/","title":{"rendered":"Vide-grenier 2025"},"content":{"rendered":"\n<p style=\"font-size:18px\">\ud83e\udd20 Le Comit\u00e9 des F\u00eates de Kermouster a le plaisir de vous annoncer le retour de son vide-grenier champ\u00eatre : le <strong>dimanche 20 juillet 2025 de 9h \u00e0 18h<\/strong> !<br><br>\ud83c\udf3b\ud83d\udc04 Venez nombreux \u00e0 Kermouster, profiter de cette <strong>journ\u00e9e de brocante en plein air<\/strong> avec 75 exposants particuliers et professionnels (+ de 250 m lin\u00e9aires), des animations pour toute la famille (des structures gonflables \ud83e\udd38\ud83d\udedd pour les enfants et le retour de l&rsquo;exposition \ud83d\ude9c des vieux tracteurs !), de la restauration, des cr\u00eapes et une buvette.<\/p>\n\n\n\n<p style=\"font-size:18px\">\ud83d\ude4b <strong>Exposants : <\/strong>Inscrivez-vous \u00e0 partir du 15 juin, et avant le 15 juillet ! <strong>Emplacements nus de 25 m2 \u00e0 15\u20ac<\/strong> (espace de 5 x 5 m avec possibilit\u00e9 de garer votre v\u00e9hicule sur place), soit 3\u20ac le m\u00e8tre lin\u00e9aire.<\/p>\n\n\n\n<p style=\"font-size:18px\"><em>Pour plus d\u2019informations sur le d\u00e9roulement de ce vide-grenier, <a href=\"https:\/\/comitedesfeteskermouster.fr\/wp-content\/uploads\/2025\/06\/vide-grenier-CFK-2025-infos-pratiques.pdf\" target=\"_blank\" rel=\"noreferrer noopener\">cliquez ici.<\/a><\/em><br><br>\ud83d\udcdd <strong>R\u00e9servez <\/strong>votre espace exposant d\u00e8s maintenant, en compl\u00e9tant <strong>notre formulaire d\u2019inscription* en ligne <\/strong>disponible ci-dessous \ud83d\udc47<\/p>\n\n\n\n<p><\/p>\n\n\n<link rel='stylesheet' id='formidable-css' href='https:\/\/comitedesfeteskermouster.fr\/wp-content\/plugins\/formidable\/css\/formidableforms.css?ver=4161703' type='text\/css' media='all' \/>\n<div class=\"frm_forms  with_frm_style frm_style_style-formidable\" id=\"frm_form_7_container\" data-token=\"ad3376587bb511816c3f0df8c737dc84\">\n<form enctype=\"multipart\/form-data\" method=\"post\" class=\"frm-show-form \" id=\"form_inscription2\" data-token=\"ad3376587bb511816c3f0df8c737dc84\">\n<div class=\"frm_form_fields \">\n<fieldset>\n<legend class=\"frm_screen_reader\">Inscription vide-grenier 2025<\/legend>\r\n<h3 class=\"frm_form_title\">Inscription vide-grenier 2025<\/h3>\r\n<div class=\"frm_description\"><p>Pour nous adresser votre demande d'inscription au vide-grenier du dimanche 20 juillet 2025, nous vous remercions compl\u00e9ter ce formulaire en ligne avant le 15\/07\/2025.<\/p>\n<p><b>Information importante :<\/b> Ceci est une pr\u00e9-inscription, votre r\u00e9servation sera prise en compte dans la limite des places disponibles et ne sera effective qu'\u00e0 r\u00e9ception de votre r\u00e8glement. Vous recevrez une confirmation de la part du Comit\u00e9 des F\u00eates de Kermouster. <\/p>\n<\/div><div class=\"frm_fields_container\">\n<input type=\"hidden\" name=\"frm_action\" value=\"create\" \/>\n<input type=\"hidden\" name=\"form_id\" value=\"7\" \/>\n<input type=\"hidden\" name=\"frm_hide_fields_7\" id=\"frm_hide_fields_7\" value=\"\" \/>\n<input type=\"hidden\" name=\"form_key\" value=\"inscription2\" \/>\n<input type=\"hidden\" name=\"item_meta[0]\" value=\"\" \/>\n<input type=\"hidden\" id=\"frm_submit_entry_7\" name=\"frm_submit_entry_7\" value=\"1fa621f6c5\" \/><input type=\"hidden\" name=\"_wp_http_referer\" value=\"\/index.php\/wp-json\/wp\/v2\/posts\/1360\" \/><div id=\"frm_field_55_container\" class=\"frm_form_field form-field  frm_required_field frm_top_container\">\r\n    <div  id=\"field_4ai2y_label\" class=\"frm_primary_label\">Nom et pr\u00e9nom\r\n        <span class=\"frm_required\" aria-hidden=\"true\">*<\/span>\r\n    <\/div>\r\n    <fieldset aria-labelledby=\"field_4ai2y_label\">\n\t<legend class=\"frm_screen_reader frm_hidden\">\n\t\tNom et pr\u00e9nom\t<\/legend>\n\n\t<div  class=\"frm_combo_inputs_container\" id=\"frm_combo_inputs_container_55\" data-name-layout=\"first_last\">\n\t\t\t\t\t<div\n\t\t\t\tid=\"frm_field_55-first_container\"\n\t\t\t\tclass=\"frm_form_field form-field frm_form_subfield-first  frm6\"\n\t\t\t\tdata-sub-field-name=\"first\"\n\t\t\t>\n\t\t\t\t<label for=\"field_4ai2y_first\" class=\"frm_screen_reader frm_hidden\">\n\t\t\t\t\tNom\t\t\t\t<\/label>\n\n\t\t\t\t<input  type=\"text\" id=\"field_4ai2y_first\" value=\"\" name=\"item_meta[55][first]\" autocomplete=\"given-name\" data-reqmsg=\"Ce champ ne peut pas \u00eatre vide\" aria-required=\"true\" data-invmsg=\"Nom et pr\u00e9nom est non valide\" aria-invalid=\"false\"  \/><div class=\"frm_description\" id=\"frm_field_55_first_desc\">Nom<\/div>\t\t\t<\/div>\n\t\t\t\t\t\t<div\n\t\t\t\tid=\"frm_field_55-last_container\"\n\t\t\t\tclass=\"frm_form_field form-field frm_form_subfield-last  frm6\"\n\t\t\t\tdata-sub-field-name=\"last\"\n\t\t\t>\n\t\t\t\t<label for=\"field_4ai2y_last\" class=\"frm_screen_reader frm_hidden\">\n\t\t\t\t\tPr\u00e9nom\t\t\t\t<\/label>\n\n\t\t\t\t<input  type=\"text\" id=\"field_4ai2y_last\" value=\"\" name=\"item_meta[55][last]\" autocomplete=\"family-name\" data-reqmsg=\"Ce champ ne peut pas \u00eatre vide\" aria-required=\"true\" data-invmsg=\"Nom et pr\u00e9nom est non valide\" aria-invalid=\"false\"  \/><div class=\"frm_description\" id=\"frm_field_55_last_desc\">Pr\u00e9nom<\/div>\t\t\t<\/div>\n\t\t\t\t<\/div>\n<\/fieldset>\n\r\n    \r\n    \r\n<\/div>\n<div id=\"frm_field_56_container\" class=\"frm_form_field form-field  frm_required_field frm_top_container frm6 frm_first\">\r\n    <label for=\"field_dy8ji\" id=\"field_dy8ji_label\" class=\"frm_primary_label\">N\u00e9(e) le\r\n        <span class=\"frm_required\" aria-hidden=\"true\">*<\/span>\r\n    <\/label>\r\n    <input type=\"text\" id=\"field_dy8ji\" name=\"item_meta[56]\" value=\"\"  style=\"width:20%\" data-reqmsg=\"Ce champ ne peut pas \u00eatre vide\" aria-required=\"true\" data-invmsg=\"texte est non valide\" class=\"auto_width\" aria-invalid=\"false\"  \/>\r\n    \r\n    \r\n<\/div>\n<div id=\"frm_field_57_container\" class=\"frm_form_field form-field  frm_required_field frm_top_container frm6\">\r\n    <label for=\"field_rcrzv\" id=\"field_rcrzv_label\" class=\"frm_primary_label\">\u00c0 (D\u00e9partement\/Ville)\r\n        <span class=\"frm_required\" aria-hidden=\"true\">*<\/span>\r\n    <\/label>\r\n    <input type=\"text\" id=\"field_rcrzv\" name=\"item_meta[57]\" value=\"\"  style=\"width:30%\" data-reqmsg=\"Ce champ ne peut pas \u00eatre vide\" aria-required=\"true\" data-invmsg=\"texte est non valide\" class=\"auto_width\" aria-invalid=\"false\"  \/>\r\n    \r\n    \r\n<\/div>\n<div id=\"frm_field_58_container\" class=\"frm_form_field form-field  frm_required_field frm_top_container\">\r\n    <label for=\"field_r9tmj\" id=\"field_r9tmj_label\" class=\"frm_primary_label\">Adresse\r\n        <span class=\"frm_required\" aria-hidden=\"true\">*<\/span>\r\n    <\/label>\r\n    <input type=\"text\" id=\"field_r9tmj\" name=\"item_meta[58]\" value=\"\"  data-reqmsg=\"Ce champ ne peut pas \u00eatre vide\" aria-required=\"true\" data-invmsg=\"texte est non valide\" aria-invalid=\"false\"  \/>\r\n    \r\n    \r\n<\/div>\n<div id=\"frm_field_45_container\" class=\"frm_form_field form-field  frm_required_field frm_top_container frm6 frm_first\">\r\n    <label for=\"field_w8z71\" id=\"field_w8z71_label\" class=\"frm_primary_label\">T\u00e9l\u00e9phone\r\n        <span class=\"frm_required\" aria-hidden=\"true\">*<\/span>\r\n    <\/label>\r\n    <input type=\"tel\" id=\"field_w8z71\" name=\"item_meta[45]\" value=\"\"  style=\"width:20%\" data-reqmsg=\"Ce champ ne peut pas \u00eatre vide\" aria-required=\"true\" data-invmsg=\"T\u00e9l\u00e9phone est non valide\" class=\"auto_width\" aria-invalid=\"false\" pattern=\"((\\+\\d{1,3}(-|.| )?\\(?\\d\\)?(-| |.)?\\d{1,5})|(\\(?\\d{2,6}\\)?))(-|.| )?(\\d{3,4})(-|.| )?(\\d{4})(( x| ext)\\d{1,5}){0,1}$\"  \/>\r\n    \r\n    \r\n<\/div>\n<div id=\"frm_field_46_container\" class=\"frm_form_field form-field  frm_required_field frm_top_container frm6\">\r\n    <label for=\"field_79bzt\" id=\"field_79bzt_label\" class=\"frm_primary_label\">Email\r\n        <span class=\"frm_required\" aria-hidden=\"true\">*<\/span>\r\n    <\/label>\r\n    <input type=\"email\" id=\"field_79bzt\" name=\"item_meta[46]\" value=\"\"  style=\"width:50%\" data-reqmsg=\"Ce champ ne peut pas \u00eatre vide\" aria-required=\"true\" data-invmsg=\"Email est non valide\" class=\"auto_width\" aria-invalid=\"false\"  \/>\r\n    \r\n    \r\n<\/div>\n<div id=\"frm_field_97_container\" class=\"frm_form_field form-field  frm_required_field frm_left_container frm6 frm_first\">\r\n    <label for=\"field_p4v9o\" id=\"field_p4v9o_label\" class=\"frm_primary_label\">Pi\u00e8ce d'identit\u00e9, choisir le type :\r\n        <span class=\"frm_required\" aria-hidden=\"true\">*<\/span>\r\n    <\/label>\r\n    \t\t<select name=\"item_meta[97]\" id=\"field_p4v9o\"  data-reqmsg=\"Ce champ ne peut pas \u00eatre vide\" aria-required=\"true\" data-invmsg=\"Pi\u00e8ce d&#039;identit\u00e9, choisir le type : est non valide\" aria-invalid=\"false\"  >\n\t\t<option  value=\"Carte identit\u00e9 nationale\">Carte identit\u00e9 nationale<\/option><option  value=\"Permis de conduire\">Permis de conduire<\/option><option  value=\"Passeport\">Passeport<\/option><option  value=\"Carte de r\u00e9sident europ\u00e9en\">Carte de r\u00e9sident europ\u00e9en<\/option>\t<\/select>\n\t\r\n    \r\n    \r\n<\/div>\n<div id=\"frm_field_94_container\" class=\"frm_form_field form-field  frm_required_field frm_left_container frm6\">\r\n    <label for=\"field_dxw6b\" id=\"field_dxw6b_label\" class=\"frm_primary_label\">Num\u00e9ro de votre pi\u00e8ce d'identit\u00e9\r\n        <span class=\"frm_required\" aria-hidden=\"true\">*<\/span>\r\n    <\/label>\r\n    <input type=\"text\" id=\"field_dxw6b\" name=\"item_meta[94]\" value=\"\"  style=\"width:50%\" data-reqmsg=\"Ce champ ne peut pas \u00eatre vide\" aria-required=\"true\" data-invmsg=\"Num\u00e9ro de votre pi\u00e8ce d&#039;identit\u00e9 est non valide\" class=\"auto_width\" aria-invalid=\"false\"  \/>\r\n    \r\n    \r\n<\/div>\n<div id=\"frm_field_95_container\" class=\"frm_form_field form-field  frm_required_field frm_left_container frm12 frm_first\">\r\n    <label for=\"field_dqyp3\" id=\"field_dqyp3_label\" class=\"frm_primary_label\">Plaque d'immatriculation de votre v\u00e9hicule\r\n        <span class=\"frm_required\" aria-hidden=\"true\">*<\/span>\r\n    <\/label>\r\n    <input type=\"text\" id=\"field_dqyp3\" name=\"item_meta[95]\" value=\"\"  style=\"width:50%\" data-reqmsg=\"Ce champ ne peut pas \u00eatre vide\" aria-required=\"true\" data-invmsg=\"Plaque d&#039;immatriculation de votre v\u00e9hicule est non valide\" class=\"auto_width\" aria-invalid=\"false\"  \/>\r\n    \r\n    \r\n<\/div>\n<div id=\"frm_field_107_container\" class=\"frm_form_field form-field  frm_required_field frm_left_container vertical_radio\">\r\n\t<div  id=\"field_uagx2_label\" class=\"frm_primary_label\">Emplacement\r\n\t\t<span class=\"frm_required\" aria-hidden=\"true\">*<\/span>\r\n\t<\/div>\r\n\t<div class=\"frm_opt_container\" aria-labelledby=\"field_uagx2_label\" role=\"radiogroup\" aria-required=\"true\">\t\t<div class=\"frm_radio\" id=\"frm_radio_107-0\">\t\t\t<label  for=\"field_uagx2-0\">\n\t\t\t\t\t<input type=\"radio\" name=\"item_meta[107]\" id=\"field_uagx2-0\" value=\"1 emplacement 5x5m = 15\u20ac (avec un v\u00e9hicule ou remorque)\"\n\t\t data-reqmsg=\"Ce champ ne peut pas \u00eatre vide\" data-invmsg=\"Emplacement est non valide\"   \/> 1 emplacement 5x5m = 15\u20ac (avec un v\u00e9hicule ou remorque)<\/label><\/div>\n\t\t<div class=\"frm_radio\" id=\"frm_radio_107-1\">\t\t\t<label  for=\"field_uagx2-1\">\n\t\t\t\t\t<input type=\"radio\" name=\"item_meta[107]\" id=\"field_uagx2-1\" value=\"2 emplacements 5x5m = 30\u20ac (avec un v\u00e9hicule ou remorque)\"\n\t\t data-reqmsg=\"Ce champ ne peut pas \u00eatre vide\" data-invmsg=\"Emplacement est non valide\"   \/> 2 emplacements 5x5m = 30\u20ac (avec un v\u00e9hicule ou remorque)<\/label><\/div>\n\t\t<div class=\"frm_radio\" id=\"frm_radio_107-2\">\t\t\t<label  for=\"field_uagx2-2\">\n\t\t\t\t\t<input type=\"radio\" name=\"item_meta[107]\" id=\"field_uagx2-2\" value=\"3 emplacements 5x5m = 45\u20ac (avec un v\u00e9hicule ou remorque)\"\n\t\t data-reqmsg=\"Ce champ ne peut pas \u00eatre vide\" data-invmsg=\"Emplacement est non valide\"   \/> 3 emplacements 5x5m = 45\u20ac (avec un v\u00e9hicule ou remorque)<\/label><\/div>\n<\/div>\r\n\t\r\n\t\r\n<\/div>\n<div id=\"frm_field_60_container\" class=\"frm_form_field form-field  frm_required_field frm_top_container frm_first vertical_radio\">\r\n    <div  id=\"field_97ul6_label\" class=\"frm_primary_label\">R\u00e8glement joint\r\n        <span class=\"frm_required\" aria-hidden=\"true\">*<\/span>\r\n    <\/div>\r\n    <div class=\"frm_opt_container\" aria-labelledby=\"field_97ul6_label\" role=\"group\">\t\t<div class=\"frm_checkbox\" id=\"frm_checkbox_60-0\">\t\t\t<label  for=\"field_97ul6-0\">\n\t\t\t<input type=\"checkbox\" name=\"item_meta[60][]\" id=\"field_97ul6-0\" value=\"Ch\u00e8que\"  data-reqmsg=\"Ce champ ne peut pas \u00eatre vide\" data-invmsg=\"R\u00e8glement joint est non valide\"   aria-required=\"true\"  \/> Ch\u00e8que<\/label><\/div>\n\t\t<div class=\"frm_checkbox\" id=\"frm_checkbox_60-1\">\t\t\t<label  for=\"field_97ul6-1\">\n\t\t\t<input type=\"checkbox\" name=\"item_meta[60][]\" id=\"field_97ul6-1\" value=\"Esp\u00e8ces\"  data-reqmsg=\"Ce champ ne peut pas \u00eatre vide\" data-invmsg=\"R\u00e8glement joint est non valide\"   \/> Esp\u00e8ces<\/label><\/div>\n<\/div>\r\n    \r\n    \r\n<\/div>\n<div id=\"frm_field_104_container\" class=\"frm_form_field  frm_html_container form-field\">\n<p style=\"text-align: center;\"><span style=\"color: #000000;\"><strong><a style=\"color: #000000;\" href=\"https:\/\/comitedesfeteskermouster.fr\/wp-content\/uploads\/2024\/05\/Informations-pratiques-2024.pdf\" target=\"_blank\" rel=\"noopener\">Informations pratiques sur le d\u00e9roulement du vide-grenier, cliquez ici<\/a><\/strong><\/span><\/p>\n<\/div>\n<div id=\"frm_field_62_container\" class=\"frm_form_field form-field  frm_required_field frm_top_container frm6 frm_first vertical_radio\">\r\n    <div  id=\"field_x0o76_label\" class=\"frm_primary_label\">Je d\u00e9clare avoir pris connaissance du r\u00e8glement et l'accepte dans son int\u00e9gralit\u00e9.\r\n        <span class=\"frm_required\" aria-hidden=\"true\">*<\/span>\r\n    <\/div>\r\n    <div class=\"frm_opt_container\" aria-labelledby=\"field_x0o76_label\" role=\"group\">\t\t<div class=\"frm_checkbox\" id=\"frm_checkbox_62-0\">\t\t\t<label  for=\"field_x0o76-0\">\n\t\t\t<input type=\"checkbox\" name=\"item_meta[62][]\" id=\"field_x0o76-0\" value=\"Validation\"  data-reqmsg=\"Ce champ ne peut pas \u00eatre vide\" data-invmsg=\"Je d\u00e9clare avoir pris connaissance du r\u00e8glement et l&#039;accepte dans son int\u00e9gralit\u00e9. est non valide\"   aria-required=\"true\"  \/> Validation<\/label><\/div>\n<\/div>\r\n    \r\n    \r\n<\/div>\n<div id=\"frm_field_43_container\" class=\"frm_form_field form-field  frm_top_container frm6\">\r\n    <label for=\"field_9o9ru\" id=\"field_9o9ru_label\" class=\"frm_primary_label\">Commentaire\r\n        <span class=\"frm_required\" aria-hidden=\"true\"><\/span>\r\n    <\/label>\r\n    <input type=\"text\" id=\"field_9o9ru\" name=\"item_meta[43]\" value=\"\"  maxlength=\"200\" data-invmsg=\"texte est non valide\" aria-invalid=\"false\"  \/>\r\n    \r\n    \r\n<\/div>\n<div id=\"frm_field_63_container\" class=\"frm_form_field form-field  frm_required_field frm_top_container frm6 frm_first\">\r\n    <label for=\"field_ny3os\" id=\"field_ny3os_label\" class=\"frm_primary_label\">Signature\r\n        <span class=\"frm_required\" aria-hidden=\"true\">*<\/span>\r\n    <\/label>\r\n    <input type=\"text\" id=\"field_ny3os\" name=\"item_meta[63]\" value=\"\"  style=\"width:40%\" data-reqmsg=\"Ce champ ne peut pas \u00eatre vide\" aria-required=\"true\" data-invmsg=\"texte est non valide\" class=\"auto_width\" aria-invalid=\"false\"  \/>\r\n    \r\n    \r\n<\/div>\n<div id=\"frm_field_44_container\" class=\"frm_form_field form-field  frm_top_container frm6\">\r\n    <label for=\"g-recaptcha-response\" id=\"field_aptq_label\" class=\"frm_primary_label\">Cocher pour v\u00e9rifier vous \u00eates une personne\r\n        <span class=\"frm_required\" aria-hidden=\"true\"><\/span>\r\n    <\/label>\r\n    <div  id=\"field_aptq\" class=\"frm-g-recaptcha\" data-sitekey=\"6LdYEH0dAAAAAKPuLqmc_WWYgtuTq18TnUt-Wuxf\" data-size=\"normal\" data-theme=\"light\"><\/div>\r\n    \r\n    \r\n<\/div>\n<div id=\"frm_field_110_container\" class=\"frm_form_field form-field  frm_left_container\">\r\n\t<div  id=\"field_9wt8w_label\" class=\"frm_primary_label\">Paiement\r\n\t\t<span class=\"frm_required\" aria-hidden=\"true\"><\/span>\r\n\t<\/div>\r\n\t<div class=\"frm-card-element\" id=\"field_9wt8w\"><\/div>\n<div class=\"frm-card-errors frm_error\" id=\"frm_error_field_9wt8w\" role=\"alert\"><\/div>\n\r\n\t\r\n\t\r\n<\/div>\n<input type=\"hidden\" id=\"field_n0xc5\" name=\"item_meta[111]\" value=\"\"    \/><div id=\"frm_field_113_container\" class=\"frm_form_field form-field  frm_left_container\">\r\n\t<div  id=\"field_qjrun_label\" class=\"frm_primary_label\">Paiement\r\n\t\t<span class=\"frm_required\" aria-hidden=\"true\"><\/span>\r\n\t<\/div>\r\n\t<div class=\"frm-card-element\" id=\"field_qjrun\"><\/div>\n<div class=\"frm-card-errors frm_error\" id=\"frm_error_field_qjrun\" role=\"alert\"><\/div>\n\r\n\t\r\n\t\r\n<\/div>\n<div id=\"frm_field_114_container\" class=\"frm_form_field form-field  frm_left_container\">\r\n\t<div  id=\"field_njlm3_label\" class=\"frm_primary_label\">Nom\r\n\t\t<span class=\"frm_required\" aria-hidden=\"true\"><\/span>\r\n\t<\/div>\r\n\t<fieldset aria-labelledby=\"field_njlm3_label\">\n\t<legend class=\"frm_screen_reader frm_hidden\">\n\t\tNom\t<\/legend>\n\n\t<div  class=\"frm_combo_inputs_container\" id=\"frm_combo_inputs_container_114\" data-name-layout=\"first_last\">\n\t\t\t\t\t<div\n\t\t\t\tid=\"frm_field_114-first_container\"\n\t\t\t\tclass=\"frm_form_field form-field frm_form_subfield-first  frm6\"\n\t\t\t\tdata-sub-field-name=\"first\"\n\t\t\t>\n\t\t\t\t<label for=\"field_njlm3_first\" class=\"frm_screen_reader frm_hidden\">\n\t\t\t\t\tPr\u00e9nom\t\t\t\t<\/label>\n\n\t\t\t\t<input  type=\"text\" id=\"field_njlm3_first\" value=\"\" name=\"item_meta[114][first]\" data-invmsg=\"Nom est non valide\" aria-invalid=\"false\"  \/><div class=\"frm_description\" id=\"frm_field_114_first_desc\">Pr\u00e9nom<\/div>\t\t\t<\/div>\n\t\t\t\t\t\t<div\n\t\t\t\tid=\"frm_field_114-last_container\"\n\t\t\t\tclass=\"frm_form_field form-field frm_form_subfield-last  frm6\"\n\t\t\t\tdata-sub-field-name=\"last\"\n\t\t\t>\n\t\t\t\t<label for=\"field_njlm3_last\" class=\"frm_screen_reader frm_hidden\">\n\t\t\t\t\tNom\t\t\t\t<\/label>\n\n\t\t\t\t<input  type=\"text\" id=\"field_njlm3_last\" value=\"\" name=\"item_meta[114][last]\" data-invmsg=\"Nom est non valide\" aria-invalid=\"false\"  \/><div class=\"frm_description\" id=\"frm_field_114_last_desc\">Nom<\/div>\t\t\t<\/div>\n\t\t\t\t<\/div>\n<\/fieldset>\n\r\n\t\r\n\t\r\n<\/div>\n<div id=\"frm_field_115_container\" class=\"frm_form_field form-field  frm_left_container\">\r\n\t<label for=\"field_vqq0\" id=\"field_vqq0_label\" class=\"frm_primary_label\">Paragraphe\r\n\t\t<span class=\"frm_required\" aria-hidden=\"true\"><\/span>\r\n\t<\/label>\r\n\t<textarea name=\"item_meta[115]\" id=\"field_vqq0\" rows=\"5\"  data-invmsg=\"Paragraphe est non valide\" aria-invalid=\"false\"  ><\/textarea>\r\n\t\r\n\t\r\n<\/div>\n<div id=\"frm_field_98_container\" class=\"frm_form_field form-field \">\r\n\t<div class=\"frm_submit frm_flex\">\r\n<button class=\"frm_button_submit\" type=\"submit\"  >Envoyer<\/button>\r\n\r\n\r\n\r\n<\/div>\r\n<\/div>\n\t<input type=\"hidden\" name=\"item_key\" value=\"\" \/>\n\t\t\t<div id=\"frm_field_118_container\">\n\t\t\t<label for=\"field_wzien\" >\n\t\t\t\tSi vous \u00eates un humain, ne remplissez pas ce champ.\t\t\t<\/label>\n\t\t\t<input  id=\"field_wzien\" type=\"text\" class=\"frm_form_field form-field frm_verify\" name=\"item_meta[118]\" value=\"\"  \/>\n\t\t<\/div>\n\t\t<input name=\"frm_state\" type=\"hidden\" value=\"I9FIuqjvdFb\/k0jtby3HN5jeXjCpzpHn4Ni42e8+9Ds=\" \/><\/div>\n<\/fieldset>\n<\/div>\n\n<p style=\"display: none !important;\" class=\"akismet-fields-container\" data-prefix=\"ak_\"><label>&#916;<textarea name=\"ak_hp_textarea\" cols=\"45\" rows=\"8\" maxlength=\"100\"><\/textarea><\/label><input type=\"hidden\" id=\"ak_js_1\" name=\"ak_js\" value=\"8\"\/><script type=\"text\/javascript\">\n\/* <![CDATA[ *\/\ndocument.getElementById( \"ak_js_1\" ).setAttribute( \"value\", ( new Date() ).getTime() );\n\/* ]]> *\/\n<\/script>\n<\/p><\/form>\n<\/div>\n\n\n\n\n<p><\/p>\n\n\n<div class=\"wp-block-image\">\n<figure class=\"aligncenter size-large is-resized\"><a href=\"https:\/\/i0.wp.com\/comitedesfeteskermouster.fr\/wp-content\/uploads\/2025\/06\/vide-grenier-CFK-2025-affiche.jpg?ssl=1\"><img data-recalc-dims=\"1\" fetchpriority=\"high\" decoding=\"async\" width=\"660\" height=\"933\" src=\"https:\/\/i0.wp.com\/comitedesfeteskermouster.fr\/wp-content\/uploads\/2025\/06\/vide-grenier-CFK-2025-affiche.jpg?resize=660%2C933&#038;ssl=1\" alt=\"\" class=\"wp-image-1364\" style=\"width:673px;height:auto\" srcset=\"https:\/\/i0.wp.com\/comitedesfeteskermouster.fr\/wp-content\/uploads\/2025\/06\/vide-grenier-CFK-2025-affiche.jpg?resize=724%2C1024&amp;ssl=1 724w, https:\/\/i0.wp.com\/comitedesfeteskermouster.fr\/wp-content\/uploads\/2025\/06\/vide-grenier-CFK-2025-affiche.jpg?resize=212%2C300&amp;ssl=1 212w, https:\/\/i0.wp.com\/comitedesfeteskermouster.fr\/wp-content\/uploads\/2025\/06\/vide-grenier-CFK-2025-affiche.jpg?resize=768%2C1086&amp;ssl=1 768w, https:\/\/i0.wp.com\/comitedesfeteskermouster.fr\/wp-content\/uploads\/2025\/06\/vide-grenier-CFK-2025-affiche.jpg?resize=1086%2C1536&amp;ssl=1 1086w, https:\/\/i0.wp.com\/comitedesfeteskermouster.fr\/wp-content\/uploads\/2025\/06\/vide-grenier-CFK-2025-affiche.jpg?resize=1320%2C1867&amp;ssl=1 1320w, https:\/\/i0.wp.com\/comitedesfeteskermouster.fr\/wp-content\/uploads\/2025\/06\/vide-grenier-CFK-2025-affiche.jpg?w=1414&amp;ssl=1 1414w\" sizes=\"(max-width: 660px) 100vw, 660px\" \/><\/a><\/figure>\n<\/div>\n\n\n<p><\/p>\n\n\n\n<p style=\"font-size:15px\"><em>* <a href=\"https:\/\/comitedesfeteskermouster.fr\/wp-content\/uploads\/2025\/06\/vide-grenier-CFK-2025-bulletin-inscription.pdf\" target=\"_blank\" rel=\"noreferrer noopener\">Bulletin d\u2019inscription<\/a> \u00e9galement disponible en version papier aupr\u00e8s du restaurant Chez Lo\u00efc \u00e0 Kermouster.<\/em><\/p>\n\n\n\n<p><\/p>\n","protected":false},"excerpt":{"rendered":"<p>\ud83e\udd20 Le Comit\u00e9 des F\u00eates de Kermouster a le plaisir de vous annoncer le retour de son vide-grenier champ\u00eatre : le dimanche 20 juillet 2025 de 9h \u00e0 18h ! &hellip; <a href=\"https:\/\/comitedesfeteskermouster.fr\/index.php\/2025\/06\/11\/vide-grenier-2025\/\" class=\"more-link\">Voulez-vous en savoir plus ? <span class=\"screen-reader-text\">Vide-grenier 2025<\/span><\/a><\/p>\n","protected":false},"author":3,"featured_media":1361,"comment_status":"open","ping_status":"open","sticky":true,"template":"","format":"standard","meta":{"_jetpack_memberships_contains_paid_content":false,"footnotes":"","jetpack_publicize_message":"","jetpack_publicize_feature_enabled":true,"jetpack_social_post_already_shared":true,"jetpack_social_options":{"image_generator_settings":{"template":"highway","default_image_id":0,"font":"","enabled":false},"version":2}},"categories":[6],"tags":[],"class_list":["post-1360","post","type-post","status-publish","format-standard","has-post-thumbnail","hentry","category-vide-greniers"],"yoast_head":"<!-- This site is optimized with the Yoast SEO plugin v27.5 - https:\/\/yoast.com\/product\/yoast-seo-wordpress\/ -->\n<title>Vide-grenier 2025 - Comit\u00e9 des F\u00eates de Kermouster<\/title>\n<meta name=\"description\" content=\"Vide-grenier anim\u00e9 en plein air, dimanche 20 juillet 2025 de 9h \u00e0 18h, \u00e0 Kermouster (Plougasnou). Exposants, inscrivez-vous ici !\" \/>\n<meta name=\"robots\" content=\"index, follow, max-snippet:-1, max-image-preview:large, max-video-preview:-1\" \/>\n<link rel=\"canonical\" href=\"https:\/\/comitedesfeteskermouster.fr\/index.php\/2025\/06\/11\/vide-grenier-2025\/\" \/>\n<meta property=\"og:locale\" content=\"fr_FR\" \/>\n<meta property=\"og:type\" content=\"article\" \/>\n<meta property=\"og:title\" content=\"Vide-grenier 2025 - Comit\u00e9 des F\u00eates de Kermouster\" \/>\n<meta property=\"og:description\" content=\"Vide-grenier anim\u00e9 en plein air, dimanche 20 juillet 2025 de 9h \u00e0 18h, \u00e0 Kermouster (Plougasnou). Exposants, inscrivez-vous ici !\" \/>\n<meta property=\"og:url\" content=\"https:\/\/comitedesfeteskermouster.fr\/index.php\/2025\/06\/11\/vide-grenier-2025\/\" \/>\n<meta property=\"og:site_name\" content=\"Comit\u00e9 des F\u00eates de Kermouster\" \/>\n<meta property=\"article:publisher\" content=\"https:\/\/www.facebook.com\/comitedesfeteskermouster\" \/>\n<meta property=\"article:published_time\" content=\"2025-06-11T17:02:23+00:00\" \/>\n<meta property=\"article:modified_time\" content=\"2025-06-23T13:49:11+00:00\" \/>\n<meta property=\"og:image\" content=\"https:\/\/comitedesfeteskermouster.fr\/wp-content\/uploads\/2025\/06\/en-tete-vide-grenier-CFK-2025.png\" \/>\n\t<meta property=\"og:image:width\" content=\"2218\" \/>\n\t<meta property=\"og:image:height\" content=\"862\" \/>\n\t<meta property=\"og:image:type\" content=\"image\/png\" \/>\n<meta name=\"author\" content=\"Kathleen Trocm\u00e9\" \/>\n<meta name=\"twitter:card\" content=\"summary_large_image\" \/>\n<meta name=\"twitter:label1\" content=\"\u00c9crit par\" \/>\n\t<meta name=\"twitter:data1\" content=\"Kathleen Trocm\u00e9\" \/>\n\t<meta name=\"twitter:label2\" content=\"Dur\u00e9e de lecture estim\u00e9e\" \/>\n\t<meta name=\"twitter:data2\" content=\"1 minute\" \/>\n<script type=\"application\/ld+json\" class=\"yoast-schema-graph\">{\"@context\":\"https:\\\/\\\/schema.org\",\"@graph\":[{\"@type\":\"Article\",\"@id\":\"https:\\\/\\\/comitedesfeteskermouster.fr\\\/index.php\\\/2025\\\/06\\\/11\\\/vide-grenier-2025\\\/#article\",\"isPartOf\":{\"@id\":\"https:\\\/\\\/comitedesfeteskermouster.fr\\\/index.php\\\/2025\\\/06\\\/11\\\/vide-grenier-2025\\\/\"},\"author\":{\"name\":\"Kathleen Trocm\u00e9\",\"@id\":\"https:\\\/\\\/comitedesfeteskermouster.fr\\\/#\\\/schema\\\/person\\\/b3a481c61ad30dbb44f5d06aac788797\"},\"headline\":\"Vide-grenier 2025\",\"datePublished\":\"2025-06-11T17:02:23+00:00\",\"dateModified\":\"2025-06-23T13:49:11+00:00\",\"mainEntityOfPage\":{\"@id\":\"https:\\\/\\\/comitedesfeteskermouster.fr\\\/index.php\\\/2025\\\/06\\\/11\\\/vide-grenier-2025\\\/\"},\"wordCount\":161,\"commentCount\":0,\"publisher\":{\"@id\":\"https:\\\/\\\/comitedesfeteskermouster.fr\\\/#organization\"},\"image\":{\"@id\":\"https:\\\/\\\/comitedesfeteskermouster.fr\\\/index.php\\\/2025\\\/06\\\/11\\\/vide-grenier-2025\\\/#primaryimage\"},\"thumbnailUrl\":\"https:\\\/\\\/i0.wp.com\\\/comitedesfeteskermouster.fr\\\/wp-content\\\/uploads\\\/2025\\\/06\\\/en-tete-vide-grenier-CFK-2025.png?fit=2218%2C862&ssl=1\",\"articleSection\":[\"Vide greniers\"],\"inLanguage\":\"fr-FR\",\"potentialAction\":[{\"@type\":\"CommentAction\",\"name\":\"Comment\",\"target\":[\"https:\\\/\\\/comitedesfeteskermouster.fr\\\/index.php\\\/2025\\\/06\\\/11\\\/vide-grenier-2025\\\/#respond\"]}]},{\"@type\":\"WebPage\",\"@id\":\"https:\\\/\\\/comitedesfeteskermouster.fr\\\/index.php\\\/2025\\\/06\\\/11\\\/vide-grenier-2025\\\/\",\"url\":\"https:\\\/\\\/comitedesfeteskermouster.fr\\\/index.php\\\/2025\\\/06\\\/11\\\/vide-grenier-2025\\\/\",\"name\":\"Vide-grenier 2025 - Comit\u00e9 des F\u00eates de Kermouster\",\"isPartOf\":{\"@id\":\"https:\\\/\\\/comitedesfeteskermouster.fr\\\/#website\"},\"primaryImageOfPage\":{\"@id\":\"https:\\\/\\\/comitedesfeteskermouster.fr\\\/index.php\\\/2025\\\/06\\\/11\\\/vide-grenier-2025\\\/#primaryimage\"},\"image\":{\"@id\":\"https:\\\/\\\/comitedesfeteskermouster.fr\\\/index.php\\\/2025\\\/06\\\/11\\\/vide-grenier-2025\\\/#primaryimage\"},\"thumbnailUrl\":\"https:\\\/\\\/i0.wp.com\\\/comitedesfeteskermouster.fr\\\/wp-content\\\/uploads\\\/2025\\\/06\\\/en-tete-vide-grenier-CFK-2025.png?fit=2218%2C862&ssl=1\",\"datePublished\":\"2025-06-11T17:02:23+00:00\",\"dateModified\":\"2025-06-23T13:49:11+00:00\",\"description\":\"Vide-grenier anim\u00e9 en plein air, dimanche 20 juillet 2025 de 9h \u00e0 18h, \u00e0 Kermouster (Plougasnou). Exposants, inscrivez-vous ici !\",\"breadcrumb\":{\"@id\":\"https:\\\/\\\/comitedesfeteskermouster.fr\\\/index.php\\\/2025\\\/06\\\/11\\\/vide-grenier-2025\\\/#breadcrumb\"},\"inLanguage\":\"fr-FR\",\"potentialAction\":[{\"@type\":\"ReadAction\",\"target\":[\"https:\\\/\\\/comitedesfeteskermouster.fr\\\/index.php\\\/2025\\\/06\\\/11\\\/vide-grenier-2025\\\/\"]}]},{\"@type\":\"ImageObject\",\"inLanguage\":\"fr-FR\",\"@id\":\"https:\\\/\\\/comitedesfeteskermouster.fr\\\/index.php\\\/2025\\\/06\\\/11\\\/vide-grenier-2025\\\/#primaryimage\",\"url\":\"https:\\\/\\\/i0.wp.com\\\/comitedesfeteskermouster.fr\\\/wp-content\\\/uploads\\\/2025\\\/06\\\/en-tete-vide-grenier-CFK-2025.png?fit=2218%2C862&ssl=1\",\"contentUrl\":\"https:\\\/\\\/i0.wp.com\\\/comitedesfeteskermouster.fr\\\/wp-content\\\/uploads\\\/2025\\\/06\\\/en-tete-vide-grenier-CFK-2025.png?fit=2218%2C862&ssl=1\",\"width\":2218,\"height\":862},{\"@type\":\"BreadcrumbList\",\"@id\":\"https:\\\/\\\/comitedesfeteskermouster.fr\\\/index.php\\\/2025\\\/06\\\/11\\\/vide-grenier-2025\\\/#breadcrumb\",\"itemListElement\":[{\"@type\":\"ListItem\",\"position\":1,\"name\":\"Accueil - Comit\u00e9 des F\u00eates de Kermouster\",\"item\":\"https:\\\/\\\/comitedesfeteskermouster.fr\\\/\"},{\"@type\":\"ListItem\",\"position\":2,\"name\":\"Vide-grenier 2025\"}]},{\"@type\":\"WebSite\",\"@id\":\"https:\\\/\\\/comitedesfeteskermouster.fr\\\/#website\",\"url\":\"https:\\\/\\\/comitedesfeteskermouster.fr\\\/\",\"name\":\"Comit\u00e9 des F\u00eates de Kermouster\",\"description\":\"\",\"publisher\":{\"@id\":\"https:\\\/\\\/comitedesfeteskermouster.fr\\\/#organization\"},\"potentialAction\":[{\"@type\":\"SearchAction\",\"target\":{\"@type\":\"EntryPoint\",\"urlTemplate\":\"https:\\\/\\\/comitedesfeteskermouster.fr\\\/?s={search_term_string}\"},\"query-input\":{\"@type\":\"PropertyValueSpecification\",\"valueRequired\":true,\"valueName\":\"search_term_string\"}}],\"inLanguage\":\"fr-FR\"},{\"@type\":\"Organization\",\"@id\":\"https:\\\/\\\/comitedesfeteskermouster.fr\\\/#organization\",\"name\":\"Comit\u00e9 des f\u00eates de Kermouster\",\"url\":\"https:\\\/\\\/comitedesfeteskermouster.fr\\\/\",\"logo\":{\"@type\":\"ImageObject\",\"inLanguage\":\"fr-FR\",\"@id\":\"https:\\\/\\\/comitedesfeteskermouster.fr\\\/#\\\/schema\\\/logo\\\/image\\\/\",\"url\":\"https:\\\/\\\/i0.wp.com\\\/comitedesfeteskermouster.fr\\\/wp-content\\\/uploads\\\/2021\\\/12\\\/cropped-cropped-logo.png?fit=480%2C214&ssl=1\",\"contentUrl\":\"https:\\\/\\\/i0.wp.com\\\/comitedesfeteskermouster.fr\\\/wp-content\\\/uploads\\\/2021\\\/12\\\/cropped-cropped-logo.png?fit=480%2C214&ssl=1\",\"width\":480,\"height\":214,\"caption\":\"Comit\u00e9 des f\u00eates de Kermouster\"},\"image\":{\"@id\":\"https:\\\/\\\/comitedesfeteskermouster.fr\\\/#\\\/schema\\\/logo\\\/image\\\/\"},\"sameAs\":[\"https:\\\/\\\/www.facebook.com\\\/comitedesfeteskermouster\"]},{\"@type\":\"Person\",\"@id\":\"https:\\\/\\\/comitedesfeteskermouster.fr\\\/#\\\/schema\\\/person\\\/b3a481c61ad30dbb44f5d06aac788797\",\"name\":\"Kathleen Trocm\u00e9\",\"image\":{\"@type\":\"ImageObject\",\"inLanguage\":\"fr-FR\",\"@id\":\"https:\\\/\\\/secure.gravatar.com\\\/avatar\\\/c49ac2de8d9ce39f5c56a684d937bc5f77c7b5750c2f4368d851cd46eddfcc20?s=96&d=blank&r=g\",\"url\":\"https:\\\/\\\/secure.gravatar.com\\\/avatar\\\/c49ac2de8d9ce39f5c56a684d937bc5f77c7b5750c2f4368d851cd46eddfcc20?s=96&d=blank&r=g\",\"contentUrl\":\"https:\\\/\\\/secure.gravatar.com\\\/avatar\\\/c49ac2de8d9ce39f5c56a684d937bc5f77c7b5750c2f4368d851cd46eddfcc20?s=96&d=blank&r=g\",\"caption\":\"Kathleen Trocm\u00e9\"},\"sameAs\":[\"http:\\\/\\\/kathleen\"],\"url\":\"https:\\\/\\\/comitedesfeteskermouster.fr\\\/index.php\\\/author\\\/kathleen\\\/\"}]}<\/script>\n<!-- \/ Yoast SEO plugin. -->","yoast_head_json":{"title":"Vide-grenier 2025 - Comit\u00e9 des F\u00eates de Kermouster","description":"Vide-grenier anim\u00e9 en plein air, dimanche 20 juillet 2025 de 9h \u00e0 18h, \u00e0 Kermouster (Plougasnou). Exposants, inscrivez-vous ici !","robots":{"index":"index","follow":"follow","max-snippet":"max-snippet:-1","max-image-preview":"max-image-preview:large","max-video-preview":"max-video-preview:-1"},"canonical":"https:\/\/comitedesfeteskermouster.fr\/index.php\/2025\/06\/11\/vide-grenier-2025\/","og_locale":"fr_FR","og_type":"article","og_title":"Vide-grenier 2025 - Comit\u00e9 des F\u00eates de Kermouster","og_description":"Vide-grenier anim\u00e9 en plein air, dimanche 20 juillet 2025 de 9h \u00e0 18h, \u00e0 Kermouster (Plougasnou). Exposants, inscrivez-vous ici !","og_url":"https:\/\/comitedesfeteskermouster.fr\/index.php\/2025\/06\/11\/vide-grenier-2025\/","og_site_name":"Comit\u00e9 des F\u00eates de Kermouster","article_publisher":"https:\/\/www.facebook.com\/comitedesfeteskermouster","article_published_time":"2025-06-11T17:02:23+00:00","article_modified_time":"2025-06-23T13:49:11+00:00","og_image":[{"width":2218,"height":862,"url":"https:\/\/comitedesfeteskermouster.fr\/wp-content\/uploads\/2025\/06\/en-tete-vide-grenier-CFK-2025.png","type":"image\/png"}],"author":"Kathleen Trocm\u00e9","twitter_card":"summary_large_image","twitter_misc":{"\u00c9crit par":"Kathleen Trocm\u00e9","Dur\u00e9e de lecture estim\u00e9e":"1 minute"},"schema":{"@context":"https:\/\/schema.org","@graph":[{"@type":"Article","@id":"https:\/\/comitedesfeteskermouster.fr\/index.php\/2025\/06\/11\/vide-grenier-2025\/#article","isPartOf":{"@id":"https:\/\/comitedesfeteskermouster.fr\/index.php\/2025\/06\/11\/vide-grenier-2025\/"},"author":{"name":"Kathleen Trocm\u00e9","@id":"https:\/\/comitedesfeteskermouster.fr\/#\/schema\/person\/b3a481c61ad30dbb44f5d06aac788797"},"headline":"Vide-grenier 2025","datePublished":"2025-06-11T17:02:23+00:00","dateModified":"2025-06-23T13:49:11+00:00","mainEntityOfPage":{"@id":"https:\/\/comitedesfeteskermouster.fr\/index.php\/2025\/06\/11\/vide-grenier-2025\/"},"wordCount":161,"commentCount":0,"publisher":{"@id":"https:\/\/comitedesfeteskermouster.fr\/#organization"},"image":{"@id":"https:\/\/comitedesfeteskermouster.fr\/index.php\/2025\/06\/11\/vide-grenier-2025\/#primaryimage"},"thumbnailUrl":"https:\/\/i0.wp.com\/comitedesfeteskermouster.fr\/wp-content\/uploads\/2025\/06\/en-tete-vide-grenier-CFK-2025.png?fit=2218%2C862&ssl=1","articleSection":["Vide greniers"],"inLanguage":"fr-FR","potentialAction":[{"@type":"CommentAction","name":"Comment","target":["https:\/\/comitedesfeteskermouster.fr\/index.php\/2025\/06\/11\/vide-grenier-2025\/#respond"]}]},{"@type":"WebPage","@id":"https:\/\/comitedesfeteskermouster.fr\/index.php\/2025\/06\/11\/vide-grenier-2025\/","url":"https:\/\/comitedesfeteskermouster.fr\/index.php\/2025\/06\/11\/vide-grenier-2025\/","name":"Vide-grenier 2025 - Comit\u00e9 des F\u00eates de Kermouster","isPartOf":{"@id":"https:\/\/comitedesfeteskermouster.fr\/#website"},"primaryImageOfPage":{"@id":"https:\/\/comitedesfeteskermouster.fr\/index.php\/2025\/06\/11\/vide-grenier-2025\/#primaryimage"},"image":{"@id":"https:\/\/comitedesfeteskermouster.fr\/index.php\/2025\/06\/11\/vide-grenier-2025\/#primaryimage"},"thumbnailUrl":"https:\/\/i0.wp.com\/comitedesfeteskermouster.fr\/wp-content\/uploads\/2025\/06\/en-tete-vide-grenier-CFK-2025.png?fit=2218%2C862&ssl=1","datePublished":"2025-06-11T17:02:23+00:00","dateModified":"2025-06-23T13:49:11+00:00","description":"Vide-grenier anim\u00e9 en plein air, dimanche 20 juillet 2025 de 9h \u00e0 18h, \u00e0 Kermouster (Plougasnou). Exposants, inscrivez-vous ici !","breadcrumb":{"@id":"https:\/\/comitedesfeteskermouster.fr\/index.php\/2025\/06\/11\/vide-grenier-2025\/#breadcrumb"},"inLanguage":"fr-FR","potentialAction":[{"@type":"ReadAction","target":["https:\/\/comitedesfeteskermouster.fr\/index.php\/2025\/06\/11\/vide-grenier-2025\/"]}]},{"@type":"ImageObject","inLanguage":"fr-FR","@id":"https:\/\/comitedesfeteskermouster.fr\/index.php\/2025\/06\/11\/vide-grenier-2025\/#primaryimage","url":"https:\/\/i0.wp.com\/comitedesfeteskermouster.fr\/wp-content\/uploads\/2025\/06\/en-tete-vide-grenier-CFK-2025.png?fit=2218%2C862&ssl=1","contentUrl":"https:\/\/i0.wp.com\/comitedesfeteskermouster.fr\/wp-content\/uploads\/2025\/06\/en-tete-vide-grenier-CFK-2025.png?fit=2218%2C862&ssl=1","width":2218,"height":862},{"@type":"BreadcrumbList","@id":"https:\/\/comitedesfeteskermouster.fr\/index.php\/2025\/06\/11\/vide-grenier-2025\/#breadcrumb","itemListElement":[{"@type":"ListItem","position":1,"name":"Accueil - Comit\u00e9 des F\u00eates de Kermouster","item":"https:\/\/comitedesfeteskermouster.fr\/"},{"@type":"ListItem","position":2,"name":"Vide-grenier 2025"}]},{"@type":"WebSite","@id":"https:\/\/comitedesfeteskermouster.fr\/#website","url":"https:\/\/comitedesfeteskermouster.fr\/","name":"Comit\u00e9 des F\u00eates de Kermouster","description":"","publisher":{"@id":"https:\/\/comitedesfeteskermouster.fr\/#organization"},"potentialAction":[{"@type":"SearchAction","target":{"@type":"EntryPoint","urlTemplate":"https:\/\/comitedesfeteskermouster.fr\/?s={search_term_string}"},"query-input":{"@type":"PropertyValueSpecification","valueRequired":true,"valueName":"search_term_string"}}],"inLanguage":"fr-FR"},{"@type":"Organization","@id":"https:\/\/comitedesfeteskermouster.fr\/#organization","name":"Comit\u00e9 des f\u00eates de Kermouster","url":"https:\/\/comitedesfeteskermouster.fr\/","logo":{"@type":"ImageObject","inLanguage":"fr-FR","@id":"https:\/\/comitedesfeteskermouster.fr\/#\/schema\/logo\/image\/","url":"https:\/\/i0.wp.com\/comitedesfeteskermouster.fr\/wp-content\/uploads\/2021\/12\/cropped-cropped-logo.png?fit=480%2C214&ssl=1","contentUrl":"https:\/\/i0.wp.com\/comitedesfeteskermouster.fr\/wp-content\/uploads\/2021\/12\/cropped-cropped-logo.png?fit=480%2C214&ssl=1","width":480,"height":214,"caption":"Comit\u00e9 des f\u00eates de Kermouster"},"image":{"@id":"https:\/\/comitedesfeteskermouster.fr\/#\/schema\/logo\/image\/"},"sameAs":["https:\/\/www.facebook.com\/comitedesfeteskermouster"]},{"@type":"Person","@id":"https:\/\/comitedesfeteskermouster.fr\/#\/schema\/person\/b3a481c61ad30dbb44f5d06aac788797","name":"Kathleen Trocm\u00e9","image":{"@type":"ImageObject","inLanguage":"fr-FR","@id":"https:\/\/secure.gravatar.com\/avatar\/c49ac2de8d9ce39f5c56a684d937bc5f77c7b5750c2f4368d851cd46eddfcc20?s=96&d=blank&r=g","url":"https:\/\/secure.gravatar.com\/avatar\/c49ac2de8d9ce39f5c56a684d937bc5f77c7b5750c2f4368d851cd46eddfcc20?s=96&d=blank&r=g","contentUrl":"https:\/\/secure.gravatar.com\/avatar\/c49ac2de8d9ce39f5c56a684d937bc5f77c7b5750c2f4368d851cd46eddfcc20?s=96&d=blank&r=g","caption":"Kathleen Trocm\u00e9"},"sameAs":["http:\/\/kathleen"],"url":"https:\/\/comitedesfeteskermouster.fr\/index.php\/author\/kathleen\/"}]}},"jetpack_publicize_connections":[],"jetpack_featured_media_url":"https:\/\/i0.wp.com\/comitedesfeteskermouster.fr\/wp-content\/uploads\/2025\/06\/en-tete-vide-grenier-CFK-2025.png?fit=2218%2C862&ssl=1","jetpack_sharing_enabled":true,"jetpack_likes_enabled":true,"_links":{"self":[{"href":"https:\/\/comitedesfeteskermouster.fr\/index.php\/wp-json\/wp\/v2\/posts\/1360","targetHints":{"allow":["GET"]}}],"collection":[{"href":"https:\/\/comitedesfeteskermouster.fr\/index.php\/wp-json\/wp\/v2\/posts"}],"about":[{"href":"https:\/\/comitedesfeteskermouster.fr\/index.php\/wp-json\/wp\/v2\/types\/post"}],"author":[{"embeddable":true,"href":"https:\/\/comitedesfeteskermouster.fr\/index.php\/wp-json\/wp\/v2\/users\/3"}],"replies":[{"embeddable":true,"href":"https:\/\/comitedesfeteskermouster.fr\/index.php\/wp-json\/wp\/v2\/comments?post=1360"}],"version-history":[{"count":8,"href":"https:\/\/comitedesfeteskermouster.fr\/index.php\/wp-json\/wp\/v2\/posts\/1360\/revisions"}],"predecessor-version":[{"id":1378,"href":"https:\/\/comitedesfeteskermouster.fr\/index.php\/wp-json\/wp\/v2\/posts\/1360\/revisions\/1378"}],"wp:featuredmedia":[{"embeddable":true,"href":"https:\/\/comitedesfeteskermouster.fr\/index.php\/wp-json\/wp\/v2\/media\/1361"}],"wp:attachment":[{"href":"https:\/\/comitedesfeteskermouster.fr\/index.php\/wp-json\/wp\/v2\/media?parent=1360"}],"wp:term":[{"taxonomy":"category","embeddable":true,"href":"https:\/\/comitedesfeteskermouster.fr\/index.php\/wp-json\/wp\/v2\/categories?post=1360"},{"taxonomy":"post_tag","embeddable":true,"href":"https:\/\/comitedesfeteskermouster.fr\/index.php\/wp-json\/wp\/v2\/tags?post=1360"}],"curies":[{"name":"wp","href":"https:\/\/api.w.org\/{rel}","templated":true}]}}